{"id":508189,"date":"2024-02-02T13:29:25","date_gmt":"2024-02-02T12:29:25","guid":{"rendered":"https:\/\/compassion.ch\/du-jura-bernois-au-kilimandjaro-pour-la-bonne-cause\/"},"modified":"2024-02-02T13:29:25","modified_gmt":"2024-02-02T12:29:25","slug":"du-jura-bernois-au-kilimandjaro-pour-la-bonne-cause","status":"publish","type":"post","link":"https:\/\/devcomp.site\/de\/du-jura-bernois-au-kilimandjaro-pour-la-bonne-cause\/","title":{"rendered":"Du Jura bernois au Kilimandjaro pour la bonne cause"},"content":{"rendered":"<div id=\"pl-508189\"  class=\"panel-layout\" ><div class=\"row section_row\"><div id=\"pg-508189-0\"  class=\"panel-grid panel-no-style\" ><div id=\"pgc-508189-0-0\"  class=\"panel-grid-cell\" ><div id=\"panel-508189-0-0-0\" class=\"so-panel widget widget_siteorigin-panels-builder panel-first-child panel-last-child\" data-index=\"0\" ><div id=\"pl-w65bce10de6921\"  class=\"panel-layout\" ><div class=\"row section_row\"><div id=\"pg-w65bce10de6921-0\"  class=\"panel-grid panel-no-style\" ><div id=\"pgc-w65bce10de6921-0-0\"  class=\"panel-grid-cell\" ><div id=\"panel-w65bce10de6921-0-0-0\" class=\"so-panel widget widget_siteorigin-panels-builder panel-first-child panel-last-child\" data-index=\"0\" ><div id=\"pl-w65bce10de6929\"  class=\"panel-layout\" ><div class=\"section section_full_width\" ><div id=\"pg-w65bce10de6929-0\"  class=\"panel-grid panel-no-style\" ><div id=\"pgc-w65bce10de6929-0-0\"  class=\"panel-grid-cell panel-grid-cell-empty\" ><\/div><div id=\"pgc-w65bce10de6929-0-1\"  class=\"panel-grid-cell panel-grid-cell-mobile-last\" ><div id=\"panel-w65bce10de6929-0-1-0\" class=\"so-panel widget widget_image-slider panel-first-child\" data-index=\"0\" ><div\n\t\t\t\n\t\t\tclass=\"so-widget-image-slider so-widget-image-slider-image-slider-style-d75171398898\"\n\t\t\t\n\t\t>\n<div class=\"slick-slider slick-carousel \" data-slickSlides=\"1\" data-slickScroll=\"1\" data-slickArrows=\"true\" data-slickDots=\"true\">\n\n  \n  <div class=\"slide\">\n    <div class=\"slide-image position-center\" style=\"background-image: url(https:\/\/devcomp.site\/wp-content\/uploads\/2024\/02\/muskathlon.jpg.webp);\"><\/div>\n    <div class=\"slide-content-wrapper\">\n      <div class=\"slide-content\">\n              <\/div>\n    <\/div>\n  <\/div>\n\n  \n<\/div>\n<\/div><\/div><div id=\"panel-w65bce10de6929-0-1-1\" class=\"so-panel widget widget_sow-editor panel-last-child\" data-index=\"1\" ><div\n\t\t\t\n\t\t\tclass=\"so-widget-sow-editor so-widget-sow-editor-base\"\n\t\t\t\n\t\t>\n<div class=\"siteorigin-widget-tinymce textwidget\">\n\t<p>Du Jura bernois au Kilimandjaro pour la bonne cause. En compagnie d\u2019une dizaine de personnes, C\u00e9dric Jung, Am\u00e9lie Babey et Christian Sollberger se lanceront \u00e0 son assaut afin de lever des fonds pour une ONG d\u00e9di\u00e9e aux enfants d\u00e9munis.<\/p>\n<p>Lire sur <a href=\"https:\/\/www.lqj.ch\/articles\/du-jura-bernois-au-kilimandjaro-pour-la-bonne-cause-68939\">Le Quotidien Jurassien<\/a><\/p>\n<p><small>Les contenus publi\u00e9s par les m\u00e9dias ne repr\u00e9sentent pas forc\u00e9ment la vision de Compassion. Il est possible que le lien de cet article ne fonctionne plus, si le m\u00e9dia a d\u00e9cider de le retirer des articles disponibles.<\/small><\/p>\n<\/div>\n<\/div><\/div><\/div><div id=\"pgc-w65bce10de6929-0-2\"  class=\"panel-grid-cell panel-grid-cell-empty\" ><\/div><\/div><\/div><\/div><\/div><\/div><\/div><\/div><\/div><\/div><\/div><\/div><\/div><\/div>","protected":false},"excerpt":{"rendered":"<p>C\u00e9dric Jung, Am\u00e9lie Babey et Christian Sollberger se lanceront au sommet du Kilimandjaro afin de lever des fonds pour une ONG d\u00e9di\u00e9e aux enfants d\u00e9munis.<\/p>\n","protected":false},"author":8,"featured_media":508183,"comment_status":"open","ping_status":"open","sticky":false,"template":"","format":"standard","meta":{"give_campaign_id":0,"footnotes":""},"categories":[91],"tags":[],"class_list":["post-508189","post","type-post","status-publish","format-standard","has-post-thumbnail","hentry","category-press-de"],"_links":{"self":[{"href":"https:\/\/devcomp.site\/de\/wp-json\/wp\/v2\/posts\/508189","targetHints":{"allow":["GET"]}}],"collection":[{"href":"https:\/\/devcomp.site\/de\/wp-json\/wp\/v2\/posts"}],"about":[{"href":"https:\/\/devcomp.site\/de\/wp-json\/wp\/v2\/types\/post"}],"author":[{"embeddable":true,"href":"https:\/\/devcomp.site\/de\/wp-json\/wp\/v2\/users\/8"}],"replies":[{"embeddable":true,"href":"https:\/\/devcomp.site\/de\/wp-json\/wp\/v2\/comments?post=508189"}],"version-history":[{"count":0,"href":"https:\/\/devcomp.site\/de\/wp-json\/wp\/v2\/posts\/508189\/revisions"}],"wp:featuredmedia":[{"embeddable":true,"href":"https:\/\/devcomp.site\/de\/wp-json\/wp\/v2\/media\/508183"}],"wp:attachment":[{"href":"https:\/\/devcomp.site\/de\/wp-json\/wp\/v2\/media?parent=508189"}],"wp:term":[{"taxonomy":"category","embeddable":true,"href":"https:\/\/devcomp.site\/de\/wp-json\/wp\/v2\/categories?post=508189"},{"taxonomy":"post_tag","embeddable":true,"href":"https:\/\/devcomp.site\/de\/wp-json\/wp\/v2\/tags?post=508189"}],"curies":[{"name":"wp","href":"https:\/\/api.w.org\/{rel}","templated":true}]}}